{"id":641,"date":"2020-06-09T06:37:12","date_gmt":"2020-06-09T06:37:12","guid":{"rendered":"http:\/\/www.fermele-crevedia.ro\/blog\/?p=641"},"modified":"2020-06-09T06:37:12","modified_gmt":"2020-06-09T06:37:12","slug":"recomandarea-saptamanii-100","status":"publish","type":"post","link":"http:\/\/www.fermele-crevedia.ro\/blog\/?p=641","title":{"rendered":"Recomandarea s\u0103pt\u0103m\u00e2nii"},"content":{"rendered":"\n<figure class=\"wp-block-image size-large\"><img loading=\"lazy\" decoding=\"async\" width=\"511\" height=\"711\" src=\"http:\/\/www.fermele-crevedia.ro\/blog\/wp-content\/uploads\/2020\/06\/Presentation1-8-1.jpg\" alt=\"\" class=\"wp-image-642\" srcset=\"http:\/\/www.fermele-crevedia.ro\/blog\/wp-content\/uploads\/2020\/06\/Presentation1-8-1.jpg 511w, http:\/\/www.fermele-crevedia.ro\/blog\/wp-content\/uploads\/2020\/06\/Presentation1-8-1-216x300.jpg 216w\" sizes=\"auto, (max-width: 511px) 100vw, 511px\" \/><\/figure>\n\n\n\n<p><strong>Ingrediente:<\/strong><\/p>\n\n\n\n<p>\u00b7 1000 g piept de pui <strong>Fermele Crevedia<\/strong>;<\/p>\n\n\n\n<p>\u00b7 3 buc\u0103\u021bi ceap\u0103 verde;<\/p>\n\n\n\n<p>\u00b7 1 ardei verde;<\/p>\n\n\n\n<p>\u00b7 1 ardei kapia;<\/p>\n\n\n\n<p>\u00b7 3 linguri ulei;<\/p>\n\n\n\n<p>\u00b7 400 ml ap\u0103;<\/p>\n\n\n\n<p>\u00b7 300 ml vin alb demisec;<\/p>\n\n\n\n<p>\u00b7 1 lingur\u0103 sare de mare;<\/p>\n\n\n\n<p>\u00b7 1 linguri\u021b\u0103 piper proasp\u0103t m\u0103cinat;<\/p>\n\n\n\n<p>\u00b7 1 lingur\u0103 boia de ardei dulce;<\/p>\n\n\n\n<p>\u00b7 1 lingur\u0103 usturoi pudr\u0103;<\/p>\n\n\n\n<p>\u00b7 2 linguri mu\u0219tar pudr\u0103.<\/p>\n\n\n\n<p><strong>Mod de preparare:<\/strong><\/p>\n\n\n\n<p>1. Se cur\u0103\u021b\u0103 Ceapa verde \u0219i ardeii, se spal\u0103 \u0219i se toac\u0103 grosier.<\/p>\n\n\n\n<p>2. \u00centr-un vas \u00eenc\u0103p\u0103tor, se adaug\u0103 uleiul, apoi vegetalele, 200 ml ap\u0103 rece \u0219i se las\u0103 la c\u0103lit la foc mediu semiacoperit, aproximativ 10 minute, p\u00e2n\u0103 ce vegetalele ajung translucide.<\/p>\n\n\n\n<p>3. \u00centre timp pieptul de pui se fasoneaz\u0103 \u0219i se taie buc\u0103\u021bele \u0219i se adaug\u0103 apoi la amestecul de mai sus, l\u0103s\u00e2ndu-se la g\u0103tit 10 minute la foc iute, neacoperit, amestec\u00e2ndu-se la nevoie.<\/p>\n\n\n\n<p>4. Se asezoneaz\u0103 de sare, piper, boia, usturoi, pudr\u0103 de mu\u0219tar \u0219i vin, se mai las\u0103 la g\u0103tit \u00eenc\u0103 15 minute semiacoperit, la foc mediu.<\/p>\n\n\n\n<p><strong>V\u0103 dorim poft\u0103 bun\u0103!<\/strong><\/p>\n\n\n\n<p>Sursa de inspira\u021bie: www.bucataras.ro<\/p>\n","protected":false},"excerpt":{"rendered":"<p>Ingrediente: \u00b7 1000 g piept de pui Fermele Crevedia; \u00b7 3 buc\u0103\u021bi ceap\u0103 verde; \u00b7 1 ardei verde; \u00b7 1 ardei kapia; \u00b7 3 linguri ulei; \u00b7 400 ml ap\u0103; \u00b7 300 ml vin alb demisec; \u00b7 1 lingur\u0103 sare de mare; \u00b7 1 linguri\u021b\u0103 piper proasp\u0103t m\u0103cinat; \u00b7 1 lingur\u0103 boia de ardei dulce; &hellip; <\/p>\n<p class=\"link-more\"><a href=\"http:\/\/www.fermele-crevedia.ro\/blog\/?p=641\" class=\"more-link\">Continu\u0103 lectura<span class=\"screen-reader-text\"> \u201eRecomandarea s\u0103pt\u0103m\u00e2nii\u201d<\/span><\/a><\/p>\n","protected":false},"author":1,"featured_media":0,"comment_status":"open","ping_status":"open","sticky":false,"template":"","format":"standard","meta":{"footnotes":""},"categories":[1],"tags":[],"class_list":["post-641","post","type-post","status-publish","format-standard","hentry","category-uncategorized"],"_links":{"self":[{"href":"http:\/\/www.fermele-crevedia.ro\/blog\/index.php?rest_route=\/wp\/v2\/posts\/641","targetHints":{"allow":["GET"]}}],"collection":[{"href":"http:\/\/www.fermele-crevedia.ro\/blog\/index.php?rest_route=\/wp\/v2\/posts"}],"about":[{"href":"http:\/\/www.fermele-crevedia.ro\/blog\/index.php?rest_route=\/wp\/v2\/types\/post"}],"author":[{"embeddable":true,"href":"http:\/\/www.fermele-crevedia.ro\/blog\/index.php?rest_route=\/wp\/v2\/users\/1"}],"replies":[{"embeddable":true,"href":"http:\/\/www.fermele-crevedia.ro\/blog\/index.php?rest_route=%2Fwp%2Fv2%2Fcomments&post=641"}],"version-history":[{"count":1,"href":"http:\/\/www.fermele-crevedia.ro\/blog\/index.php?rest_route=\/wp\/v2\/posts\/641\/revisions"}],"predecessor-version":[{"id":643,"href":"http:\/\/www.fermele-crevedia.ro\/blog\/index.php?rest_route=\/wp\/v2\/posts\/641\/revisions\/643"}],"wp:attachment":[{"href":"http:\/\/www.fermele-crevedia.ro\/blog\/index.php?rest_route=%2Fwp%2Fv2%2Fmedia&parent=641"}],"wp:term":[{"taxonomy":"category","embeddable":true,"href":"http:\/\/www.fermele-crevedia.ro\/blog\/index.php?rest_route=%2Fwp%2Fv2%2Fcategories&post=641"},{"taxonomy":"post_tag","embeddable":true,"href":"http:\/\/www.fermele-crevedia.ro\/blog\/index.php?rest_route=%2Fwp%2Fv2%2Ftags&post=641"}],"curies":[{"name":"wp","href":"https:\/\/api.w.org\/{rel}","templated":true}]}}